{"id":31978,"date":"2023-12-18T05:43:47","date_gmt":"2023-12-18T04:43:47","guid":{"rendered":"https:\/\/www.ebrofoods.es\/?p=31978"},"modified":"2023-12-18T06:41:00","modified_gmt":"2023-12-18T05:41:00","slug":"interview-jose-miguel-sanchez-director-of-procurement-riviana-foods","status":"publish","type":"post","link":"https:\/\/www.ebrofoods.es\/en\/caring-for-news\/interview-jose-miguel-sanchez-director-of-procurement-riviana-foods\/","title":{"rendered":"Interview with Jos\u00e9 Miguel S\u00e1nchez, Director of Procurement de Riviana Foods"},"content":{"rendered":"<p>In this edition we speak to <strong>Jos\u00e9 Miguel S\u00e1nchez, Director of Procurement at Riviana Foods. <\/strong><\/p>\n<p>Jos\u00e9 Miguel began his career in the Ebro Group eight years ago in the Procurement Department of Herba Ricemills, later moving to Riviana, where he has just completed his fourth years heading management of an important part of the agricultural raw material purchases of our North American subsidiary, along with packaging and co-packing.<\/p>\n<p><a href=\"https:\/\/www.ebrofoods.es\/wp-content\/uploads\/2023\/12\/infografia_news_como_somos_ENG-noresize.jpg\"><img loading=\"lazy\" decoding=\"async\" class=\"aligncenter size-full wp-image-31979\" src=\"https:\/\/www.ebrofoods.es\/wp-content\/uploads\/2023\/12\/infografia_news_como_somos_ENG-noresize.jpg\" alt=\"interview\" width=\"720\" height=\"4903\" srcset=\"https:\/\/www.ebrofoods.es\/wp-content\/uploads\/2023\/12\/infografia_news_como_somos_ENG-noresize.jpg 720w, https:\/\/www.ebrofoods.es\/wp-content\/uploads\/2023\/12\/infografia_news_como_somos_ENG-noresize-44x300.jpg 44w\" sizes=\"auto, (max-width: 720px) 100vw, 720px\" \/><\/a><\/p>\n","protected":false},"excerpt":{"rendered":"<p>We talk with Jos\u00e9 Miguel S\u00e1nchez and know his career in our North American subsidiary.<\/p>\n","protected":false},"author":3,"featured_media":0,"comment_status":"closed","ping_status":"closed","sticky":false,"template":"","format":"standard","meta":{"footnotes":"","_links_to":"","_links_to_target":""},"categories":[44],"tags":[99],"class_list":["post-31978","post","type-post","status-publish","format-standard","hentry","category-caring-for-news","tag-caring-for-news-18-en"],"_links":{"self":[{"href":"https:\/\/www.ebrofoods.es\/en\/wp-json\/wp\/v2\/posts\/31978","targetHints":{"allow":["GET"]}}],"collection":[{"href":"https:\/\/www.ebrofoods.es\/en\/wp-json\/wp\/v2\/posts"}],"about":[{"href":"https:\/\/www.ebrofoods.es\/en\/wp-json\/wp\/v2\/types\/post"}],"author":[{"embeddable":true,"href":"https:\/\/www.ebrofoods.es\/en\/wp-json\/wp\/v2\/users\/3"}],"replies":[{"embeddable":true,"href":"https:\/\/www.ebrofoods.es\/en\/wp-json\/wp\/v2\/comments?post=31978"}],"version-history":[{"count":2,"href":"https:\/\/www.ebrofoods.es\/en\/wp-json\/wp\/v2\/posts\/31978\/revisions"}],"predecessor-version":[{"id":32009,"href":"https:\/\/www.ebrofoods.es\/en\/wp-json\/wp\/v2\/posts\/31978\/revisions\/32009"}],"wp:attachment":[{"href":"https:\/\/www.ebrofoods.es\/en\/wp-json\/wp\/v2\/media?parent=31978"}],"wp:term":[{"taxonomy":"category","embeddable":true,"href":"https:\/\/www.ebrofoods.es\/en\/wp-json\/wp\/v2\/categories?post=31978"},{"taxonomy":"post_tag","embeddable":true,"href":"https:\/\/www.ebrofoods.es\/en\/wp-json\/wp\/v2\/tags?post=31978"}],"curies":[{"name":"wp","href":"https:\/\/api.w.org\/{rel}","templated":true}]}}